{"id":634,"date":"2020-06-16T00:00:00","date_gmt":"2020-06-16T00:00:00","guid":{"rendered":"https:\/\/www.redesalvatoriana.org.br\/divino\/blog\/?p=634"},"modified":"2020-06-12T09:17:01","modified_gmt":"2020-06-12T09:17:01","slug":"dia-de-celebrar-a-vida-de-padre-francisco-jordan","status":"publish","type":"post","link":"https:\/\/www.redesalvatoriana.org.br\/divino\/blog\/2020\/06\/16\/dia-de-celebrar-a-vida-de-padre-francisco-jordan\/","title":{"rendered":"16 de junho: dia de celebrar a vida de Padre Francisco Jordan"},"content":{"rendered":"\n<figure class=\"wp-block-image size-large\"><img loading=\"lazy\" width=\"1024\" height=\"1024\" src=\"https:\/\/www.redesalvatoriana.org.br\/divino\/blog\/wp-content\/uploads\/2020\/06\/Card-1-1024x1024.png\" alt=\"\" class=\"wp-image-635\" srcset=\"https:\/\/www.redesalvatoriana.org.br\/divino\/blog\/wp-content\/uploads\/2020\/06\/Card-1-1024x1024.png 1024w, https:\/\/www.redesalvatoriana.org.br\/divino\/blog\/wp-content\/uploads\/2020\/06\/Card-1-300x300.png 300w, https:\/\/www.redesalvatoriana.org.br\/divino\/blog\/wp-content\/uploads\/2020\/06\/Card-1-150x150.png 150w, https:\/\/www.redesalvatoriana.org.br\/divino\/blog\/wp-content\/uploads\/2020\/06\/Card-1-768x768.png 768w, https:\/\/www.redesalvatoriana.org.br\/divino\/blog\/wp-content\/uploads\/2020\/06\/Card-1.png 1080w\" sizes=\"(max-width: 1024px) 100vw, 1024px\" \/><\/figure>\n\n\n\n<p><\/p>\n\n\n\n<p>H\u00e1 172 anos nascia PADRE FRANCISCO MARIA DA CRUZ JORDAN, em Gurtweil, na Alemanha. Ainda jovem, Padre Jordan deu in\u00edcio \u00e0 miss\u00e3o salvatoriana no mundo. Ele se tornou um verdadeiro ap\u00f3stolo do Salvador, dedicando-se inteiramente a anunciar a todos os povos o Evangelho da Vida. Jordan muitas vezes dizia: \u201cS\u00ea um verdadeiro ap\u00f3stolo de Jesus Cristo e n\u00e3o sossegue at\u00e9 que tenha levado a Palavra de Deus a todos os recantos da terra\u201d.<\/p>\n\n\n\n<p>Para Padre Francisco Jordan, a voca\u00e7\u00e3o apost\u00f3lica \u00e9 uma marca registrada para os Salvatorianos e as Salvatorianas, pois somos chamados a ajudar outras pessoas a encontrarem-se com o Salvador, a levar a Boa Not\u00edcia do Reino de Deus ao mundo, colocando-se sem reservas a servi\u00e7o da vida das pessoas, curando suas feridas, aliviando seus sofrimentos, sendo sinal de esperan\u00e7a. A grande miss\u00e3o salvatoriana sempre foi e ser\u00e1 anunciar Jesus, conhecer e tornar conhecido o Salvador, contribuindo na constru\u00e7\u00e3o de uma conviv\u00eancia mais humanizada, harm\u00f4nica e justa entre todos os povos e com toda a cria\u00e7\u00e3o.<\/p>\n\n\n\n<p>A exemplo do nosso Fundador, Padre Francisco Jordan que nos impelia cada vez mais a \u201c&#8230;imbuir-se do esp\u00edrito apos\u00adt\u00f3lico, sofrer apostolicamente, rezar apostolicamente, agir apostolicamente\u201d, a Fam\u00edlia Salvatoriana \u00e9 convidada a redescobrir a beleza de ser apost\u00f3lica, ou seja, de somar for\u00e7as no an\u00fancio do Salvador pelo nosso testemunho de vida, utilizando todos os modos e meios que a caridade de Cristo inspira, envolver outros\/as como ap\u00f3stolos\/as, promovendo a vida e a dignidade humana. &nbsp;Somos convidados\/as a acender tamb\u00e9m em n\u00f3s o mesmo zelo apost\u00f3lico e mission\u00e1rio que havia em Padre Jordan.<\/p>\n\n\n\n<p>O vener\u00e1vel Francisco Maria da Cruz Jordan foi um homem m\u00edstico, prof\u00e9tico e de grande confian\u00e7a na Divina Provid\u00eancia, serviu incessantemente o Divino Salvador ao levar a Boa Nova a todos, em palavras e a\u00e7\u00f5es. Como Salvatorianos e Salvatorianas, somos chamados a ser Ap\u00f3stolos para o mundo e conduzir todas as pessoas a Jesus Cristo.<\/p>\n\n\n\n<p>Neste 16 de junho ser\u00e1 um dia para fortalecer, ainda mais, a nossa rela\u00e7\u00e3o com o Fundador, e revitalizar a nossa Identidade Apost\u00f3lica em nosso presente e rumo ao futuro.<\/p>\n\n\n\n<p><strong><em>Viva Padre Francisco Jordan!<\/em><\/strong><\/p>\n","protected":false},"excerpt":{"rendered":"<p>H\u00e1 172 anos nascia PADRE FRANCISCO MARIA DA CRUZ JORDAN, em Gurtweil, na Alemanha. Ainda jovem, Padre Jordan deu in\u00edcio \u00e0 miss\u00e3o salvatoriana no mundo. Ele se tornou um verdadeiro ap\u00f3stolo do Salvador,&#8230;<\/p>\n","protected":false},"author":2,"featured_media":0,"comment_status":"open","ping_status":"open","sticky":false,"template":"","format":"standard","meta":[],"categories":[1],"tags":[31,30,29,28,32],"yoast_head":"<!-- This site is optimized with the Yoast SEO plugin v17.7.1 - https:\/\/yoast.com\/wordpress\/plugins\/seo\/ -->\n<meta name=\"robots\" content=\"index, follow, max-snippet:-1, max-image-preview:large, max-video-preview:-1\" \/>\n<link rel=\"canonical\" href=\"https:\/\/www.redesalvatoriana.org.br\/divino\/blog\/2020\/06\/16\/dia-de-celebrar-a-vida-de-padre-francisco-jordan\/\" \/>\n<meta property=\"og:locale\" content=\"pt_BR\" \/>\n<meta property=\"og:type\" content=\"article\" \/>\n<meta property=\"og:title\" content=\"16 de junho: dia de celebrar a vida de Padre Francisco Jordan - Hospital Salvatoriano Divino Salvador\" \/>\n<meta property=\"og:description\" content=\"H\u00e1 172 anos nascia PADRE FRANCISCO MARIA DA CRUZ JORDAN, em Gurtweil, na Alemanha. Ainda jovem, Padre Jordan deu in\u00edcio \u00e0 miss\u00e3o salvatoriana no mundo. Ele se tornou um verdadeiro ap\u00f3stolo do Salvador,...\" \/>\n<meta property=\"og:url\" content=\"https:\/\/www.redesalvatoriana.org.br\/divino\/blog\/2020\/06\/16\/dia-de-celebrar-a-vida-de-padre-francisco-jordan\/\" \/>\n<meta property=\"og:site_name\" content=\"Hospital Salvatoriano Divino Salvador\" \/>\n<meta property=\"article:published_time\" content=\"2020-06-16T00:00:00+00:00\" \/>\n<meta property=\"article:modified_time\" content=\"2020-06-12T09:17:01+00:00\" \/>\n<meta property=\"og:image\" content=\"https:\/\/www.redesalvatoriana.org.br\/divino\/blog\/wp-content\/uploads\/2020\/06\/Card-1-1024x1024.png\" \/>\n<meta name=\"twitter:card\" content=\"summary_large_image\" \/>\n<meta name=\"twitter:label1\" content=\"Written by\" \/>\n\t<meta name=\"twitter:data1\" content=\"Hospital Salvatoriano Divino Salvador\" \/>\n\t<meta name=\"twitter:label2\" content=\"Est. reading time\" \/>\n\t<meta name=\"twitter:data2\" content=\"2 minutos\" \/>\n<script type=\"application\/ld+json\" class=\"yoast-schema-graph\">{\"@context\":\"https:\/\/schema.org\",\"@graph\":[{\"@type\":\"WebSite\",\"@id\":\"https:\/\/www.redesalvatoriana.org.br\/divino\/blog\/#website\",\"url\":\"https:\/\/www.redesalvatoriana.org.br\/divino\/blog\/\",\"name\":\"Hospital Salvatoriano Divino Salvador\",\"description\":\"Hospital Salvatoriano Divino Salvador\",\"potentialAction\":[{\"@type\":\"SearchAction\",\"target\":{\"@type\":\"EntryPoint\",\"urlTemplate\":\"https:\/\/www.redesalvatoriana.org.br\/divino\/blog\/?s={search_term_string}\"},\"query-input\":\"required name=search_term_string\"}],\"inLanguage\":\"pt-BR\"},{\"@type\":\"ImageObject\",\"@id\":\"https:\/\/www.redesalvatoriana.org.br\/divino\/blog\/2020\/06\/16\/dia-de-celebrar-a-vida-de-padre-francisco-jordan\/#primaryimage\",\"inLanguage\":\"pt-BR\",\"url\":\"https:\/\/www.redesalvatoriana.org.br\/divino\/blog\/wp-content\/uploads\/2020\/06\/Card-1.png\",\"contentUrl\":\"https:\/\/www.redesalvatoriana.org.br\/divino\/blog\/wp-content\/uploads\/2020\/06\/Card-1.png\",\"width\":1080,\"height\":1080},{\"@type\":\"WebPage\",\"@id\":\"https:\/\/www.redesalvatoriana.org.br\/divino\/blog\/2020\/06\/16\/dia-de-celebrar-a-vida-de-padre-francisco-jordan\/#webpage\",\"url\":\"https:\/\/www.redesalvatoriana.org.br\/divino\/blog\/2020\/06\/16\/dia-de-celebrar-a-vida-de-padre-francisco-jordan\/\",\"name\":\"16 de junho: dia de celebrar a vida de Padre Francisco Jordan - Hospital Salvatoriano Divino Salvador\",\"isPartOf\":{\"@id\":\"https:\/\/www.redesalvatoriana.org.br\/divino\/blog\/#website\"},\"primaryImageOfPage\":{\"@id\":\"https:\/\/www.redesalvatoriana.org.br\/divino\/blog\/2020\/06\/16\/dia-de-celebrar-a-vida-de-padre-francisco-jordan\/#primaryimage\"},\"datePublished\":\"2020-06-16T00:00:00+00:00\",\"dateModified\":\"2020-06-12T09:17:01+00:00\",\"author\":{\"@id\":\"https:\/\/www.redesalvatoriana.org.br\/divino\/blog\/#\/schema\/person\/5084b9840b2eeaf7960372eea931cdfd\"},\"breadcrumb\":{\"@id\":\"https:\/\/www.redesalvatoriana.org.br\/divino\/blog\/2020\/06\/16\/dia-de-celebrar-a-vida-de-padre-francisco-jordan\/#breadcrumb\"},\"inLanguage\":\"pt-BR\",\"potentialAction\":[{\"@type\":\"ReadAction\",\"target\":[\"https:\/\/www.redesalvatoriana.org.br\/divino\/blog\/2020\/06\/16\/dia-de-celebrar-a-vida-de-padre-francisco-jordan\/\"]}]},{\"@type\":\"BreadcrumbList\",\"@id\":\"https:\/\/www.redesalvatoriana.org.br\/divino\/blog\/2020\/06\/16\/dia-de-celebrar-a-vida-de-padre-francisco-jordan\/#breadcrumb\",\"itemListElement\":[{\"@type\":\"ListItem\",\"position\":1,\"name\":\"Home\",\"item\":\"https:\/\/www.redesalvatoriana.org.br\/divino\/blog\/\"},{\"@type\":\"ListItem\",\"position\":2,\"name\":\"16 de junho: dia de celebrar a vida de Padre Francisco Jordan\"}]},{\"@type\":\"Person\",\"@id\":\"https:\/\/www.redesalvatoriana.org.br\/divino\/blog\/#\/schema\/person\/5084b9840b2eeaf7960372eea931cdfd\",\"name\":\"Hospital Salvatoriano Divino Salvador\",\"image\":{\"@type\":\"ImageObject\",\"@id\":\"https:\/\/www.redesalvatoriana.org.br\/divino\/blog\/#personlogo\",\"inLanguage\":\"pt-BR\",\"url\":\"https:\/\/secure.gravatar.com\/avatar\/f6db265bbdc8bd4b0db118af6359d3f6?s=96&d=mm&r=g\",\"contentUrl\":\"https:\/\/secure.gravatar.com\/avatar\/f6db265bbdc8bd4b0db118af6359d3f6?s=96&d=mm&r=g\",\"caption\":\"Hospital Salvatoriano Divino Salvador\"},\"url\":\"https:\/\/www.redesalvatoriana.org.br\/divino\/blog\/author\/hsds\/\"}]}<\/script>\n<!-- \/ Yoast SEO plugin. -->","yoast_head_json":{"robots":{"index":"index","follow":"follow","max-snippet":"max-snippet:-1","max-image-preview":"max-image-preview:large","max-video-preview":"max-video-preview:-1"},"canonical":"https:\/\/www.redesalvatoriana.org.br\/divino\/blog\/2020\/06\/16\/dia-de-celebrar-a-vida-de-padre-francisco-jordan\/","og_locale":"pt_BR","og_type":"article","og_title":"16 de junho: dia de celebrar a vida de Padre Francisco Jordan - Hospital Salvatoriano Divino Salvador","og_description":"H\u00e1 172 anos nascia PADRE FRANCISCO MARIA DA CRUZ JORDAN, em Gurtweil, na Alemanha. Ainda jovem, Padre Jordan deu in\u00edcio \u00e0 miss\u00e3o salvatoriana no mundo. Ele se tornou um verdadeiro ap\u00f3stolo do Salvador,...","og_url":"https:\/\/www.redesalvatoriana.org.br\/divino\/blog\/2020\/06\/16\/dia-de-celebrar-a-vida-de-padre-francisco-jordan\/","og_site_name":"Hospital Salvatoriano Divino Salvador","article_published_time":"2020-06-16T00:00:00+00:00","article_modified_time":"2020-06-12T09:17:01+00:00","og_image":[{"url":"https:\/\/www.redesalvatoriana.org.br\/divino\/blog\/wp-content\/uploads\/2020\/06\/Card-1-1024x1024.png"}],"twitter_card":"summary_large_image","twitter_misc":{"Written by":"Hospital Salvatoriano Divino Salvador","Est. reading time":"2 minutos"},"schema":{"@context":"https:\/\/schema.org","@graph":[{"@type":"WebSite","@id":"https:\/\/www.redesalvatoriana.org.br\/divino\/blog\/#website","url":"https:\/\/www.redesalvatoriana.org.br\/divino\/blog\/","name":"Hospital Salvatoriano Divino Salvador","description":"Hospital Salvatoriano Divino Salvador","potentialAction":[{"@type":"SearchAction","target":{"@type":"EntryPoint","urlTemplate":"https:\/\/www.redesalvatoriana.org.br\/divino\/blog\/?s={search_term_string}"},"query-input":"required name=search_term_string"}],"inLanguage":"pt-BR"},{"@type":"ImageObject","@id":"https:\/\/www.redesalvatoriana.org.br\/divino\/blog\/2020\/06\/16\/dia-de-celebrar-a-vida-de-padre-francisco-jordan\/#primaryimage","inLanguage":"pt-BR","url":"https:\/\/www.redesalvatoriana.org.br\/divino\/blog\/wp-content\/uploads\/2020\/06\/Card-1.png","contentUrl":"https:\/\/www.redesalvatoriana.org.br\/divino\/blog\/wp-content\/uploads\/2020\/06\/Card-1.png","width":1080,"height":1080},{"@type":"WebPage","@id":"https:\/\/www.redesalvatoriana.org.br\/divino\/blog\/2020\/06\/16\/dia-de-celebrar-a-vida-de-padre-francisco-jordan\/#webpage","url":"https:\/\/www.redesalvatoriana.org.br\/divino\/blog\/2020\/06\/16\/dia-de-celebrar-a-vida-de-padre-francisco-jordan\/","name":"16 de junho: dia de celebrar a vida de Padre Francisco Jordan - Hospital Salvatoriano Divino Salvador","isPartOf":{"@id":"https:\/\/www.redesalvatoriana.org.br\/divino\/blog\/#website"},"primaryImageOfPage":{"@id":"https:\/\/www.redesalvatoriana.org.br\/divino\/blog\/2020\/06\/16\/dia-de-celebrar-a-vida-de-padre-francisco-jordan\/#primaryimage"},"datePublished":"2020-06-16T00:00:00+00:00","dateModified":"2020-06-12T09:17:01+00:00","author":{"@id":"https:\/\/www.redesalvatoriana.org.br\/divino\/blog\/#\/schema\/person\/5084b9840b2eeaf7960372eea931cdfd"},"breadcrumb":{"@id":"https:\/\/www.redesalvatoriana.org.br\/divino\/blog\/2020\/06\/16\/dia-de-celebrar-a-vida-de-padre-francisco-jordan\/#breadcrumb"},"inLanguage":"pt-BR","potentialAction":[{"@type":"ReadAction","target":["https:\/\/www.redesalvatoriana.org.br\/divino\/blog\/2020\/06\/16\/dia-de-celebrar-a-vida-de-padre-francisco-jordan\/"]}]},{"@type":"BreadcrumbList","@id":"https:\/\/www.redesalvatoriana.org.br\/divino\/blog\/2020\/06\/16\/dia-de-celebrar-a-vida-de-padre-francisco-jordan\/#breadcrumb","itemListElement":[{"@type":"ListItem","position":1,"name":"Home","item":"https:\/\/www.redesalvatoriana.org.br\/divino\/blog\/"},{"@type":"ListItem","position":2,"name":"16 de junho: dia de celebrar a vida de Padre Francisco Jordan"}]},{"@type":"Person","@id":"https:\/\/www.redesalvatoriana.org.br\/divino\/blog\/#\/schema\/person\/5084b9840b2eeaf7960372eea931cdfd","name":"Hospital Salvatoriano Divino Salvador","image":{"@type":"ImageObject","@id":"https:\/\/www.redesalvatoriana.org.br\/divino\/blog\/#personlogo","inLanguage":"pt-BR","url":"https:\/\/secure.gravatar.com\/avatar\/f6db265bbdc8bd4b0db118af6359d3f6?s=96&d=mm&r=g","contentUrl":"https:\/\/secure.gravatar.com\/avatar\/f6db265bbdc8bd4b0db118af6359d3f6?s=96&d=mm&r=g","caption":"Hospital Salvatoriano Divino Salvador"},"url":"https:\/\/www.redesalvatoriana.org.br\/divino\/blog\/author\/hsds\/"}]}},"_links":{"self":[{"href":"https:\/\/www.redesalvatoriana.org.br\/divino\/blog\/wp-json\/wp\/v2\/posts\/634"}],"collection":[{"href":"https:\/\/www.redesalvatoriana.org.br\/divino\/blog\/wp-json\/wp\/v2\/posts"}],"about":[{"href":"https:\/\/www.redesalvatoriana.org.br\/divino\/blog\/wp-json\/wp\/v2\/types\/post"}],"author":[{"embeddable":true,"href":"https:\/\/www.redesalvatoriana.org.br\/divino\/blog\/wp-json\/wp\/v2\/users\/2"}],"replies":[{"embeddable":true,"href":"https:\/\/www.redesalvatoriana.org.br\/divino\/blog\/wp-json\/wp\/v2\/comments?post=634"}],"version-history":[{"count":3,"href":"https:\/\/www.redesalvatoriana.org.br\/divino\/blog\/wp-json\/wp\/v2\/posts\/634\/revisions"}],"predecessor-version":[{"id":638,"href":"https:\/\/www.redesalvatoriana.org.br\/divino\/blog\/wp-json\/wp\/v2\/posts\/634\/revisions\/638"}],"wp:attachment":[{"href":"https:\/\/www.redesalvatoriana.org.br\/divino\/blog\/wp-json\/wp\/v2\/media?parent=634"}],"wp:term":[{"taxonomy":"category","embeddable":true,"href":"https:\/\/www.redesalvatoriana.org.br\/divino\/blog\/wp-json\/wp\/v2\/categories?post=634"},{"taxonomy":"post_tag","embeddable":true,"href":"https:\/\/www.redesalvatoriana.org.br\/divino\/blog\/wp-json\/wp\/v2\/tags?post=634"}],"curies":[{"name":"wp","href":"https:\/\/api.w.org\/{rel}","templated":true}]}}