{"id":1954,"date":"2026-03-10T17:21:05","date_gmt":"2026-03-10T17:21:05","guid":{"rendered":"https:\/\/www.redesalvatoriana.org.br\/divino\/blog\/?p=1954"},"modified":"2026-03-10T17:24:13","modified_gmt":"2026-03-10T17:24:13","slug":"hsds-promove-palestra-sobre-etica-profissional","status":"publish","type":"post","link":"https:\/\/www.redesalvatoriana.org.br\/divino\/blog\/2026\/03\/10\/hsds-promove-palestra-sobre-etica-profissional\/","title":{"rendered":"HSDS promove palestra sobre \u00c9tica Profissional"},"content":{"rendered":"\n<p>Os colaboradores do Hospital Salvatoriano Divino Salvador participaram de uma importante palestra sobre \u00e9tica profissional, refor\u00e7ando valores fundamentais para o ambiente de trabalho e para o cuidado com os pacientes.<\/p>\n\n\n\n<p>A atividade ocorreu em tr\u00eas momentos. A primeira palestra foi realizada ontem, dia 5, e outras duas aconteceram hoje. Dessa forma, colaboradores puderam participar em diferentes hor\u00e1rios, promovendo momentos de aprendizado, reflex\u00e3o e troca de experi\u00eancias sobre \u00e9tica, respeito e responsabilidade no dia a dia profissional.<\/p>\n\n\n\n<p>O encontro foi mediado pelo enfermeiro Junior Wolff, conselheiro do COREN-SC. Durante a palestra, ele conduziu a conversa com orienta\u00e7\u00f5es e reflex\u00f5es sobre conduta \u00e9tica, al\u00e9m de destacar a import\u00e2ncia do fortalecimento das rela\u00e7\u00f5es no ambiente de trabalho.<\/p>\n\n\n\n<p>Com iniciativas como essa, o Hospital Salvatoriano Divino Salvador refor\u00e7a o compromisso com a capacita\u00e7\u00e3o cont\u00ednua de seus colaboradores. Al\u00e9m disso, a institui\u00e7\u00e3o busca construir um ambiente cada vez mais \u00e9tico, humano e comprometido com a qualidade no atendimento aos pacientes.<\/p>\n\n\n\n<figure class=\"wp-block-image size-large\"><img loading=\"lazy\" width=\"1024\" height=\"576\" src=\"https:\/\/www.redesalvatoriana.org.br\/divino\/blog\/wp-content\/uploads\/2026\/03\/BLOG-5-1024x576.jpg\" alt=\"\" class=\"wp-image-1958\" srcset=\"https:\/\/www.redesalvatoriana.org.br\/divino\/blog\/wp-content\/uploads\/2026\/03\/BLOG-5-1024x576.jpg 1024w, https:\/\/www.redesalvatoriana.org.br\/divino\/blog\/wp-content\/uploads\/2026\/03\/BLOG-5-300x169.jpg 300w, https:\/\/www.redesalvatoriana.org.br\/divino\/blog\/wp-content\/uploads\/2026\/03\/BLOG-5-768x432.jpg 768w, https:\/\/www.redesalvatoriana.org.br\/divino\/blog\/wp-content\/uploads\/2026\/03\/BLOG-5-1536x864.jpg 1536w, https:\/\/www.redesalvatoriana.org.br\/divino\/blog\/wp-content\/uploads\/2026\/03\/BLOG-5-2048x1152.jpg 2048w\" sizes=\"(max-width: 1024px) 100vw, 1024px\" \/><figcaption>Enfermeiro Junior Wolff, conselheiro do COREN-SC.<\/figcaption><\/figure>\n","protected":false},"excerpt":{"rendered":"<p>Os colaboradores do Hospital Salvatoriano Divino Salvador participaram de uma importante palestra sobre \u00e9tica profissional, refor\u00e7ando valores fundamentais para o ambiente de trabalho e para o cuidado com os pacientes. A atividade ocorreu&#8230;<\/p>\n","protected":false},"author":2,"featured_media":1960,"comment_status":"open","ping_status":"open","sticky":false,"template":"","format":"standard","meta":[],"categories":[1],"tags":[8,32],"yoast_head":"<!-- This site is optimized with the Yoast SEO plugin v17.7.1 - https:\/\/yoast.com\/wordpress\/plugins\/seo\/ -->\n<meta name=\"description\" content=\"Hospital Divino Salvador realiza palestras sobre \u00e9tica profissional e refor\u00e7a valores no cuidado com pacientes e nas rela\u00e7\u00f5es de trabalho.\" \/>\n<meta name=\"robots\" content=\"index, follow, max-snippet:-1, max-image-preview:large, max-video-preview:-1\" \/>\n<link rel=\"canonical\" href=\"https:\/\/www.redesalvatoriana.org.br\/divino\/blog\/2026\/03\/10\/hsds-promove-palestra-sobre-etica-profissional\/\" \/>\n<meta property=\"og:locale\" content=\"pt_BR\" \/>\n<meta property=\"og:type\" content=\"article\" \/>\n<meta property=\"og:title\" content=\"HSDS promove palestra sobre \u00c9tica Profissional - Hospital Salvatoriano Divino Salvador\" \/>\n<meta property=\"og:description\" content=\"Hospital Divino Salvador realiza palestras sobre \u00e9tica profissional e refor\u00e7a valores no cuidado com pacientes e nas rela\u00e7\u00f5es de trabalho.\" \/>\n<meta property=\"og:url\" content=\"https:\/\/www.redesalvatoriana.org.br\/divino\/blog\/2026\/03\/10\/hsds-promove-palestra-sobre-etica-profissional\/\" \/>\n<meta property=\"og:site_name\" content=\"Hospital Salvatoriano Divino Salvador\" \/>\n<meta property=\"article:published_time\" content=\"2026-03-10T17:21:05+00:00\" \/>\n<meta property=\"article:modified_time\" content=\"2026-03-10T17:24:13+00:00\" \/>\n<meta property=\"og:image\" content=\"https:\/\/www.redesalvatoriana.org.br\/divino\/blog\/wp-content\/uploads\/2026\/03\/PALESTRA-scaled.jpg\" \/>\n\t<meta property=\"og:image:width\" content=\"2560\" \/>\n\t<meta property=\"og:image:height\" content=\"1440\" \/>\n<meta name=\"twitter:card\" content=\"summary_large_image\" \/>\n<meta name=\"twitter:label1\" content=\"Written by\" \/>\n\t<meta name=\"twitter:data1\" content=\"Hospital Salvatoriano Divino Salvador\" \/>\n\t<meta name=\"twitter:label2\" content=\"Est. reading time\" \/>\n\t<meta name=\"twitter:data2\" content=\"1 minuto\" \/>\n<script type=\"application\/ld+json\" class=\"yoast-schema-graph\">{\"@context\":\"https:\/\/schema.org\",\"@graph\":[{\"@type\":\"WebSite\",\"@id\":\"https:\/\/www.redesalvatoriana.org.br\/divino\/blog\/#website\",\"url\":\"https:\/\/www.redesalvatoriana.org.br\/divino\/blog\/\",\"name\":\"Hospital Salvatoriano Divino Salvador\",\"description\":\"Hospital Salvatoriano Divino Salvador\",\"potentialAction\":[{\"@type\":\"SearchAction\",\"target\":{\"@type\":\"EntryPoint\",\"urlTemplate\":\"https:\/\/www.redesalvatoriana.org.br\/divino\/blog\/?s={search_term_string}\"},\"query-input\":\"required name=search_term_string\"}],\"inLanguage\":\"pt-BR\"},{\"@type\":\"ImageObject\",\"@id\":\"https:\/\/www.redesalvatoriana.org.br\/divino\/blog\/2026\/03\/10\/hsds-promove-palestra-sobre-etica-profissional\/#primaryimage\",\"inLanguage\":\"pt-BR\",\"url\":\"https:\/\/www.redesalvatoriana.org.br\/divino\/blog\/wp-content\/uploads\/2026\/03\/PALESTRA-scaled.jpg\",\"contentUrl\":\"https:\/\/www.redesalvatoriana.org.br\/divino\/blog\/wp-content\/uploads\/2026\/03\/PALESTRA-scaled.jpg\",\"width\":2560,\"height\":1440},{\"@type\":\"WebPage\",\"@id\":\"https:\/\/www.redesalvatoriana.org.br\/divino\/blog\/2026\/03\/10\/hsds-promove-palestra-sobre-etica-profissional\/#webpage\",\"url\":\"https:\/\/www.redesalvatoriana.org.br\/divino\/blog\/2026\/03\/10\/hsds-promove-palestra-sobre-etica-profissional\/\",\"name\":\"HSDS promove palestra sobre \\u00c9tica Profissional - Hospital Salvatoriano Divino Salvador\",\"isPartOf\":{\"@id\":\"https:\/\/www.redesalvatoriana.org.br\/divino\/blog\/#website\"},\"primaryImageOfPage\":{\"@id\":\"https:\/\/www.redesalvatoriana.org.br\/divino\/blog\/2026\/03\/10\/hsds-promove-palestra-sobre-etica-profissional\/#primaryimage\"},\"datePublished\":\"2026-03-10T17:21:05+00:00\",\"dateModified\":\"2026-03-10T17:24:13+00:00\",\"author\":{\"@id\":\"https:\/\/www.redesalvatoriana.org.br\/divino\/blog\/#\/schema\/person\/5084b9840b2eeaf7960372eea931cdfd\"},\"description\":\"Hospital Divino Salvador realiza palestras sobre \\u00e9tica profissional e refor\\u00e7a valores no cuidado com pacientes e nas rela\\u00e7\\u00f5es de trabalho.\",\"breadcrumb\":{\"@id\":\"https:\/\/www.redesalvatoriana.org.br\/divino\/blog\/2026\/03\/10\/hsds-promove-palestra-sobre-etica-profissional\/#breadcrumb\"},\"inLanguage\":\"pt-BR\",\"potentialAction\":[{\"@type\":\"ReadAction\",\"target\":[\"https:\/\/www.redesalvatoriana.org.br\/divino\/blog\/2026\/03\/10\/hsds-promove-palestra-sobre-etica-profissional\/\"]}]},{\"@type\":\"BreadcrumbList\",\"@id\":\"https:\/\/www.redesalvatoriana.org.br\/divino\/blog\/2026\/03\/10\/hsds-promove-palestra-sobre-etica-profissional\/#breadcrumb\",\"itemListElement\":[{\"@type\":\"ListItem\",\"position\":1,\"name\":\"Home\",\"item\":\"https:\/\/www.redesalvatoriana.org.br\/divino\/blog\/\"},{\"@type\":\"ListItem\",\"position\":2,\"name\":\"HSDS promove palestra sobre \\u00c9tica Profissional\"}]},{\"@type\":\"Person\",\"@id\":\"https:\/\/www.redesalvatoriana.org.br\/divino\/blog\/#\/schema\/person\/5084b9840b2eeaf7960372eea931cdfd\",\"name\":\"Hospital Salvatoriano Divino Salvador\",\"image\":{\"@type\":\"ImageObject\",\"@id\":\"https:\/\/www.redesalvatoriana.org.br\/divino\/blog\/#personlogo\",\"inLanguage\":\"pt-BR\",\"url\":\"https:\/\/secure.gravatar.com\/avatar\/f6db265bbdc8bd4b0db118af6359d3f6?s=96&d=mm&r=g\",\"contentUrl\":\"https:\/\/secure.gravatar.com\/avatar\/f6db265bbdc8bd4b0db118af6359d3f6?s=96&d=mm&r=g\",\"caption\":\"Hospital Salvatoriano Divino Salvador\"},\"url\":\"https:\/\/www.redesalvatoriana.org.br\/divino\/blog\/author\/hsds\/\"}]}<\/script>\n<!-- \/ Yoast SEO plugin. -->","yoast_head_json":{"description":"Hospital Divino Salvador realiza palestras sobre \u00e9tica profissional e refor\u00e7a valores no cuidado com pacientes e nas rela\u00e7\u00f5es de trabalho.","robots":{"index":"index","follow":"follow","max-snippet":"max-snippet:-1","max-image-preview":"max-image-preview:large","max-video-preview":"max-video-preview:-1"},"canonical":"https:\/\/www.redesalvatoriana.org.br\/divino\/blog\/2026\/03\/10\/hsds-promove-palestra-sobre-etica-profissional\/","og_locale":"pt_BR","og_type":"article","og_title":"HSDS promove palestra sobre \u00c9tica Profissional - Hospital Salvatoriano Divino Salvador","og_description":"Hospital Divino Salvador realiza palestras sobre \u00e9tica profissional e refor\u00e7a valores no cuidado com pacientes e nas rela\u00e7\u00f5es de trabalho.","og_url":"https:\/\/www.redesalvatoriana.org.br\/divino\/blog\/2026\/03\/10\/hsds-promove-palestra-sobre-etica-profissional\/","og_site_name":"Hospital Salvatoriano Divino Salvador","article_published_time":"2026-03-10T17:21:05+00:00","article_modified_time":"2026-03-10T17:24:13+00:00","og_image":[{"width":2560,"height":1440,"url":"https:\/\/www.redesalvatoriana.org.br\/divino\/blog\/wp-content\/uploads\/2026\/03\/PALESTRA-scaled.jpg","type":"image\/jpeg"}],"twitter_card":"summary_large_image","twitter_misc":{"Written by":"Hospital Salvatoriano Divino Salvador","Est. reading time":"1 minuto"},"schema":{"@context":"https:\/\/schema.org","@graph":[{"@type":"WebSite","@id":"https:\/\/www.redesalvatoriana.org.br\/divino\/blog\/#website","url":"https:\/\/www.redesalvatoriana.org.br\/divino\/blog\/","name":"Hospital Salvatoriano Divino Salvador","description":"Hospital Salvatoriano Divino Salvador","potentialAction":[{"@type":"SearchAction","target":{"@type":"EntryPoint","urlTemplate":"https:\/\/www.redesalvatoriana.org.br\/divino\/blog\/?s={search_term_string}"},"query-input":"required name=search_term_string"}],"inLanguage":"pt-BR"},{"@type":"ImageObject","@id":"https:\/\/www.redesalvatoriana.org.br\/divino\/blog\/2026\/03\/10\/hsds-promove-palestra-sobre-etica-profissional\/#primaryimage","inLanguage":"pt-BR","url":"https:\/\/www.redesalvatoriana.org.br\/divino\/blog\/wp-content\/uploads\/2026\/03\/PALESTRA-scaled.jpg","contentUrl":"https:\/\/www.redesalvatoriana.org.br\/divino\/blog\/wp-content\/uploads\/2026\/03\/PALESTRA-scaled.jpg","width":2560,"height":1440},{"@type":"WebPage","@id":"https:\/\/www.redesalvatoriana.org.br\/divino\/blog\/2026\/03\/10\/hsds-promove-palestra-sobre-etica-profissional\/#webpage","url":"https:\/\/www.redesalvatoriana.org.br\/divino\/blog\/2026\/03\/10\/hsds-promove-palestra-sobre-etica-profissional\/","name":"HSDS promove palestra sobre \u00c9tica Profissional - Hospital Salvatoriano Divino Salvador","isPartOf":{"@id":"https:\/\/www.redesalvatoriana.org.br\/divino\/blog\/#website"},"primaryImageOfPage":{"@id":"https:\/\/www.redesalvatoriana.org.br\/divino\/blog\/2026\/03\/10\/hsds-promove-palestra-sobre-etica-profissional\/#primaryimage"},"datePublished":"2026-03-10T17:21:05+00:00","dateModified":"2026-03-10T17:24:13+00:00","author":{"@id":"https:\/\/www.redesalvatoriana.org.br\/divino\/blog\/#\/schema\/person\/5084b9840b2eeaf7960372eea931cdfd"},"description":"Hospital Divino Salvador realiza palestras sobre \u00e9tica profissional e refor\u00e7a valores no cuidado com pacientes e nas rela\u00e7\u00f5es de trabalho.","breadcrumb":{"@id":"https:\/\/www.redesalvatoriana.org.br\/divino\/blog\/2026\/03\/10\/hsds-promove-palestra-sobre-etica-profissional\/#breadcrumb"},"inLanguage":"pt-BR","potentialAction":[{"@type":"ReadAction","target":["https:\/\/www.redesalvatoriana.org.br\/divino\/blog\/2026\/03\/10\/hsds-promove-palestra-sobre-etica-profissional\/"]}]},{"@type":"BreadcrumbList","@id":"https:\/\/www.redesalvatoriana.org.br\/divino\/blog\/2026\/03\/10\/hsds-promove-palestra-sobre-etica-profissional\/#breadcrumb","itemListElement":[{"@type":"ListItem","position":1,"name":"Home","item":"https:\/\/www.redesalvatoriana.org.br\/divino\/blog\/"},{"@type":"ListItem","position":2,"name":"HSDS promove palestra sobre \u00c9tica Profissional"}]},{"@type":"Person","@id":"https:\/\/www.redesalvatoriana.org.br\/divino\/blog\/#\/schema\/person\/5084b9840b2eeaf7960372eea931cdfd","name":"Hospital Salvatoriano Divino Salvador","image":{"@type":"ImageObject","@id":"https:\/\/www.redesalvatoriana.org.br\/divino\/blog\/#personlogo","inLanguage":"pt-BR","url":"https:\/\/secure.gravatar.com\/avatar\/f6db265bbdc8bd4b0db118af6359d3f6?s=96&d=mm&r=g","contentUrl":"https:\/\/secure.gravatar.com\/avatar\/f6db265bbdc8bd4b0db118af6359d3f6?s=96&d=mm&r=g","caption":"Hospital Salvatoriano Divino Salvador"},"url":"https:\/\/www.redesalvatoriana.org.br\/divino\/blog\/author\/hsds\/"}]}},"_links":{"self":[{"href":"https:\/\/www.redesalvatoriana.org.br\/divino\/blog\/wp-json\/wp\/v2\/posts\/1954"}],"collection":[{"href":"https:\/\/www.redesalvatoriana.org.br\/divino\/blog\/wp-json\/wp\/v2\/posts"}],"about":[{"href":"https:\/\/www.redesalvatoriana.org.br\/divino\/blog\/wp-json\/wp\/v2\/types\/post"}],"author":[{"embeddable":true,"href":"https:\/\/www.redesalvatoriana.org.br\/divino\/blog\/wp-json\/wp\/v2\/users\/2"}],"replies":[{"embeddable":true,"href":"https:\/\/www.redesalvatoriana.org.br\/divino\/blog\/wp-json\/wp\/v2\/comments?post=1954"}],"version-history":[{"count":1,"href":"https:\/\/www.redesalvatoriana.org.br\/divino\/blog\/wp-json\/wp\/v2\/posts\/1954\/revisions"}],"predecessor-version":[{"id":1959,"href":"https:\/\/www.redesalvatoriana.org.br\/divino\/blog\/wp-json\/wp\/v2\/posts\/1954\/revisions\/1959"}],"wp:featuredmedia":[{"embeddable":true,"href":"https:\/\/www.redesalvatoriana.org.br\/divino\/blog\/wp-json\/wp\/v2\/media\/1960"}],"wp:attachment":[{"href":"https:\/\/www.redesalvatoriana.org.br\/divino\/blog\/wp-json\/wp\/v2\/media?parent=1954"}],"wp:term":[{"taxonomy":"category","embeddable":true,"href":"https:\/\/www.redesalvatoriana.org.br\/divino\/blog\/wp-json\/wp\/v2\/categories?post=1954"},{"taxonomy":"post_tag","embeddable":true,"href":"https:\/\/www.redesalvatoriana.org.br\/divino\/blog\/wp-json\/wp\/v2\/tags?post=1954"}],"curies":[{"name":"wp","href":"https:\/\/api.w.org\/{rel}","templated":true}]}}