{"id":1937,"date":"2026-03-06T17:15:24","date_gmt":"2026-03-06T17:15:24","guid":{"rendered":"https:\/\/www.redesalvatoriana.org.br\/divino\/blog\/?p=1937"},"modified":"2026-03-06T17:18:12","modified_gmt":"2026-03-06T17:18:12","slug":"hospital-ganha-nova-recepcao-central-para-acesso-principal","status":"publish","type":"post","link":"https:\/\/www.redesalvatoriana.org.br\/divino\/blog\/2026\/03\/06\/hospital-ganha-nova-recepcao-central-para-acesso-principal\/","title":{"rendered":"Hospital ganha nova recep\u00e7\u00e3o central para acesso principal"},"content":{"rendered":"\n<p>O hospital passou a contar, no in\u00edcio deste m\u00eas de mar\u00e7o, com uma nova porta principal de acesso, chamada tamb\u00e9m de recep\u00e7\u00e3o central. A mudan\u00e7a foi implantada para facilitar a circula\u00e7\u00e3o interna, tornar o fluxo mais organizado e oferecer mais comodidade para pacientes e familiares.<\/p>\n\n\n\n<p>Al\u00e9m disso, a nova recep\u00e7\u00e3o central contribui para melhorar o controle de entradas de pessoas que circulam internamente pela institui\u00e7\u00e3o. Dessa forma, o hospital refor\u00e7a a organiza\u00e7\u00e3o e a seguran\u00e7a no atendimento di\u00e1rio.<\/p>\n\n\n\n<figure class=\"wp-block-image size-large\"><img loading=\"lazy\" width=\"1024\" height=\"576\" src=\"https:\/\/www.redesalvatoriana.org.br\/divino\/blog\/wp-content\/uploads\/2026\/03\/BLOG-2-3-1024x576.jpg\" alt=\"\" class=\"wp-image-1944\" srcset=\"https:\/\/www.redesalvatoriana.org.br\/divino\/blog\/wp-content\/uploads\/2026\/03\/BLOG-2-3-1024x576.jpg 1024w, https:\/\/www.redesalvatoriana.org.br\/divino\/blog\/wp-content\/uploads\/2026\/03\/BLOG-2-3-300x169.jpg 300w, https:\/\/www.redesalvatoriana.org.br\/divino\/blog\/wp-content\/uploads\/2026\/03\/BLOG-2-3-768x432.jpg 768w, https:\/\/www.redesalvatoriana.org.br\/divino\/blog\/wp-content\/uploads\/2026\/03\/BLOG-2-3-1536x864.jpg 1536w, https:\/\/www.redesalvatoriana.org.br\/divino\/blog\/wp-content\/uploads\/2026\/03\/BLOG-2-3-2048x1152.jpg 2048w\" sizes=\"(max-width: 1024px) 100vw, 1024px\" \/><\/figure>\n\n\n\n<p>O novo espa\u00e7o possui placas informativas e sinaliza\u00e7\u00f5es estrat\u00e9gicas que orientam o p\u00fablico desde a chegada. Tamb\u00e9m conta com recursos de touch de atendimento, acesso mais pr\u00f3ximo aos elevadores e uma estrutura moderna, planejada para proporcionar mais praticidade, conforto e acolhimento a quem utiliza os servi\u00e7os do hospital.<\/p>\n\n\n\n<p>O gestor de processos, Miguel Almada, destaca que a mudan\u00e7a contribui diretamente para quem procura a institui\u00e7\u00e3o. Segundo ele, a melhoria beneficia pacientes que realizam procedimentos, visitantes de pessoas internadas e tamb\u00e9m quem busca o hospital para tratar de outros assuntos.<\/p>\n\n\n\n<p>Cleuci da Silva, supervisora das recep\u00e7\u00f5es, ressalta que este tamb\u00e9m \u00e9 um momento importante para orientar a popula\u00e7\u00e3o com rela\u00e7\u00e3o a documenta\u00e7\u00e3o. Segundo ela, os pacientes devem sempre levar documentos pessoais e m\u00e9dicos, pois isso agiliza o atendimento e contribui para um processo mais r\u00e1pido e organizado. <\/p>\n\n\n\n<figure class=\"wp-block-image size-large\"><img loading=\"lazy\" width=\"1024\" height=\"576\" src=\"https:\/\/www.redesalvatoriana.org.br\/divino\/blog\/wp-content\/uploads\/2026\/03\/BLOG-1-1024x576.jpg\" alt=\"\" class=\"wp-image-1945\" srcset=\"https:\/\/www.redesalvatoriana.org.br\/divino\/blog\/wp-content\/uploads\/2026\/03\/BLOG-1-1024x576.jpg 1024w, https:\/\/www.redesalvatoriana.org.br\/divino\/blog\/wp-content\/uploads\/2026\/03\/BLOG-1-300x169.jpg 300w, https:\/\/www.redesalvatoriana.org.br\/divino\/blog\/wp-content\/uploads\/2026\/03\/BLOG-1-768x432.jpg 768w, https:\/\/www.redesalvatoriana.org.br\/divino\/blog\/wp-content\/uploads\/2026\/03\/BLOG-1-1536x864.jpg 1536w, https:\/\/www.redesalvatoriana.org.br\/divino\/blog\/wp-content\/uploads\/2026\/03\/BLOG-1-2048x1152.jpg 2048w\" sizes=\"(max-width: 1024px) 100vw, 1024px\" \/><\/figure>\n","protected":false},"excerpt":{"rendered":"<p>O hospital passou a contar, no in\u00edcio deste m\u00eas de mar\u00e7o, com uma nova porta principal de acesso, chamada tamb\u00e9m de recep\u00e7\u00e3o central. A mudan\u00e7a foi implantada para facilitar a circula\u00e7\u00e3o interna, tornar&#8230;<\/p>\n","protected":false},"author":2,"featured_media":1938,"comment_status":"open","ping_status":"open","sticky":true,"template":"","format":"standard","meta":[],"categories":[1],"tags":[21,8,86,32],"yoast_head":"<!-- This site is optimized with the Yoast SEO plugin v17.7.1 - https:\/\/yoast.com\/wordpress\/plugins\/seo\/ -->\n<meta name=\"description\" content=\"Hospital passa a ter nova recep\u00e7\u00e3o central como acesso principal, trazendo mais organiza\u00e7\u00e3o, orienta\u00e7\u00e3o e conforto para pacientes.\" \/>\n<meta name=\"robots\" content=\"index, follow, max-snippet:-1, max-image-preview:large, max-video-preview:-1\" \/>\n<link rel=\"canonical\" href=\"https:\/\/www.redesalvatoriana.org.br\/divino\/blog\/2026\/03\/06\/hospital-ganha-nova-recepcao-central-para-acesso-principal\/\" \/>\n<meta property=\"og:locale\" content=\"pt_BR\" \/>\n<meta property=\"og:type\" content=\"article\" \/>\n<meta property=\"og:title\" content=\"Hospital ganha nova recep\u00e7\u00e3o central para acesso principal - Hospital Salvatoriano Divino Salvador\" \/>\n<meta property=\"og:description\" content=\"Hospital passa a ter nova recep\u00e7\u00e3o central como acesso principal, trazendo mais organiza\u00e7\u00e3o, orienta\u00e7\u00e3o e conforto para pacientes.\" \/>\n<meta property=\"og:url\" content=\"https:\/\/www.redesalvatoriana.org.br\/divino\/blog\/2026\/03\/06\/hospital-ganha-nova-recepcao-central-para-acesso-principal\/\" \/>\n<meta property=\"og:site_name\" content=\"Hospital Salvatoriano Divino Salvador\" \/>\n<meta property=\"article:published_time\" content=\"2026-03-06T17:15:24+00:00\" \/>\n<meta property=\"article:modified_time\" content=\"2026-03-06T17:18:12+00:00\" \/>\n<meta property=\"og:image\" content=\"https:\/\/www.redesalvatoriana.org.br\/divino\/blog\/wp-content\/uploads\/2026\/03\/BLOG-scaled.jpg\" \/>\n\t<meta property=\"og:image:width\" content=\"2560\" \/>\n\t<meta property=\"og:image:height\" content=\"1440\" \/>\n<meta name=\"twitter:card\" content=\"summary_large_image\" \/>\n<meta name=\"twitter:label1\" content=\"Written by\" \/>\n\t<meta name=\"twitter:data1\" content=\"Hospital Salvatoriano Divino Salvador\" \/>\n\t<meta name=\"twitter:label2\" content=\"Est. reading time\" \/>\n\t<meta name=\"twitter:data2\" content=\"2 minutos\" \/>\n<script type=\"application\/ld+json\" class=\"yoast-schema-graph\">{\"@context\":\"https:\/\/schema.org\",\"@graph\":[{\"@type\":\"WebSite\",\"@id\":\"https:\/\/www.redesalvatoriana.org.br\/divino\/blog\/#website\",\"url\":\"https:\/\/www.redesalvatoriana.org.br\/divino\/blog\/\",\"name\":\"Hospital Salvatoriano Divino Salvador\",\"description\":\"Hospital Salvatoriano Divino Salvador\",\"potentialAction\":[{\"@type\":\"SearchAction\",\"target\":{\"@type\":\"EntryPoint\",\"urlTemplate\":\"https:\/\/www.redesalvatoriana.org.br\/divino\/blog\/?s={search_term_string}\"},\"query-input\":\"required name=search_term_string\"}],\"inLanguage\":\"pt-BR\"},{\"@type\":\"ImageObject\",\"@id\":\"https:\/\/www.redesalvatoriana.org.br\/divino\/blog\/2026\/03\/06\/hospital-ganha-nova-recepcao-central-para-acesso-principal\/#primaryimage\",\"inLanguage\":\"pt-BR\",\"url\":\"https:\/\/www.redesalvatoriana.org.br\/divino\/blog\/wp-content\/uploads\/2026\/03\/BLOG-scaled.jpg\",\"contentUrl\":\"https:\/\/www.redesalvatoriana.org.br\/divino\/blog\/wp-content\/uploads\/2026\/03\/BLOG-scaled.jpg\",\"width\":2560,\"height\":1440},{\"@type\":\"WebPage\",\"@id\":\"https:\/\/www.redesalvatoriana.org.br\/divino\/blog\/2026\/03\/06\/hospital-ganha-nova-recepcao-central-para-acesso-principal\/#webpage\",\"url\":\"https:\/\/www.redesalvatoriana.org.br\/divino\/blog\/2026\/03\/06\/hospital-ganha-nova-recepcao-central-para-acesso-principal\/\",\"name\":\"Hospital ganha nova recep\\u00e7\\u00e3o central para acesso principal - Hospital Salvatoriano Divino Salvador\",\"isPartOf\":{\"@id\":\"https:\/\/www.redesalvatoriana.org.br\/divino\/blog\/#website\"},\"primaryImageOfPage\":{\"@id\":\"https:\/\/www.redesalvatoriana.org.br\/divino\/blog\/2026\/03\/06\/hospital-ganha-nova-recepcao-central-para-acesso-principal\/#primaryimage\"},\"datePublished\":\"2026-03-06T17:15:24+00:00\",\"dateModified\":\"2026-03-06T17:18:12+00:00\",\"author\":{\"@id\":\"https:\/\/www.redesalvatoriana.org.br\/divino\/blog\/#\/schema\/person\/5084b9840b2eeaf7960372eea931cdfd\"},\"description\":\"Hospital passa a ter nova recep\\u00e7\\u00e3o central como acesso principal, trazendo mais organiza\\u00e7\\u00e3o, orienta\\u00e7\\u00e3o e conforto para pacientes.\",\"breadcrumb\":{\"@id\":\"https:\/\/www.redesalvatoriana.org.br\/divino\/blog\/2026\/03\/06\/hospital-ganha-nova-recepcao-central-para-acesso-principal\/#breadcrumb\"},\"inLanguage\":\"pt-BR\",\"potentialAction\":[{\"@type\":\"ReadAction\",\"target\":[\"https:\/\/www.redesalvatoriana.org.br\/divino\/blog\/2026\/03\/06\/hospital-ganha-nova-recepcao-central-para-acesso-principal\/\"]}]},{\"@type\":\"BreadcrumbList\",\"@id\":\"https:\/\/www.redesalvatoriana.org.br\/divino\/blog\/2026\/03\/06\/hospital-ganha-nova-recepcao-central-para-acesso-principal\/#breadcrumb\",\"itemListElement\":[{\"@type\":\"ListItem\",\"position\":1,\"name\":\"Home\",\"item\":\"https:\/\/www.redesalvatoriana.org.br\/divino\/blog\/\"},{\"@type\":\"ListItem\",\"position\":2,\"name\":\"Hospital ganha nova recep\\u00e7\\u00e3o central para acesso principal\"}]},{\"@type\":\"Person\",\"@id\":\"https:\/\/www.redesalvatoriana.org.br\/divino\/blog\/#\/schema\/person\/5084b9840b2eeaf7960372eea931cdfd\",\"name\":\"Hospital Salvatoriano Divino Salvador\",\"image\":{\"@type\":\"ImageObject\",\"@id\":\"https:\/\/www.redesalvatoriana.org.br\/divino\/blog\/#personlogo\",\"inLanguage\":\"pt-BR\",\"url\":\"https:\/\/secure.gravatar.com\/avatar\/f6db265bbdc8bd4b0db118af6359d3f6?s=96&d=mm&r=g\",\"contentUrl\":\"https:\/\/secure.gravatar.com\/avatar\/f6db265bbdc8bd4b0db118af6359d3f6?s=96&d=mm&r=g\",\"caption\":\"Hospital Salvatoriano Divino Salvador\"},\"url\":\"https:\/\/www.redesalvatoriana.org.br\/divino\/blog\/author\/hsds\/\"}]}<\/script>\n<!-- \/ Yoast SEO plugin. -->","yoast_head_json":{"description":"Hospital passa a ter nova recep\u00e7\u00e3o central como acesso principal, trazendo mais organiza\u00e7\u00e3o, orienta\u00e7\u00e3o e conforto para pacientes.","robots":{"index":"index","follow":"follow","max-snippet":"max-snippet:-1","max-image-preview":"max-image-preview:large","max-video-preview":"max-video-preview:-1"},"canonical":"https:\/\/www.redesalvatoriana.org.br\/divino\/blog\/2026\/03\/06\/hospital-ganha-nova-recepcao-central-para-acesso-principal\/","og_locale":"pt_BR","og_type":"article","og_title":"Hospital ganha nova recep\u00e7\u00e3o central para acesso principal - Hospital Salvatoriano Divino Salvador","og_description":"Hospital passa a ter nova recep\u00e7\u00e3o central como acesso principal, trazendo mais organiza\u00e7\u00e3o, orienta\u00e7\u00e3o e conforto para pacientes.","og_url":"https:\/\/www.redesalvatoriana.org.br\/divino\/blog\/2026\/03\/06\/hospital-ganha-nova-recepcao-central-para-acesso-principal\/","og_site_name":"Hospital Salvatoriano Divino Salvador","article_published_time":"2026-03-06T17:15:24+00:00","article_modified_time":"2026-03-06T17:18:12+00:00","og_image":[{"width":2560,"height":1440,"url":"https:\/\/www.redesalvatoriana.org.br\/divino\/blog\/wp-content\/uploads\/2026\/03\/BLOG-scaled.jpg","type":"image\/jpeg"}],"twitter_card":"summary_large_image","twitter_misc":{"Written by":"Hospital Salvatoriano Divino Salvador","Est. reading time":"2 minutos"},"schema":{"@context":"https:\/\/schema.org","@graph":[{"@type":"WebSite","@id":"https:\/\/www.redesalvatoriana.org.br\/divino\/blog\/#website","url":"https:\/\/www.redesalvatoriana.org.br\/divino\/blog\/","name":"Hospital Salvatoriano Divino Salvador","description":"Hospital Salvatoriano Divino Salvador","potentialAction":[{"@type":"SearchAction","target":{"@type":"EntryPoint","urlTemplate":"https:\/\/www.redesalvatoriana.org.br\/divino\/blog\/?s={search_term_string}"},"query-input":"required name=search_term_string"}],"inLanguage":"pt-BR"},{"@type":"ImageObject","@id":"https:\/\/www.redesalvatoriana.org.br\/divino\/blog\/2026\/03\/06\/hospital-ganha-nova-recepcao-central-para-acesso-principal\/#primaryimage","inLanguage":"pt-BR","url":"https:\/\/www.redesalvatoriana.org.br\/divino\/blog\/wp-content\/uploads\/2026\/03\/BLOG-scaled.jpg","contentUrl":"https:\/\/www.redesalvatoriana.org.br\/divino\/blog\/wp-content\/uploads\/2026\/03\/BLOG-scaled.jpg","width":2560,"height":1440},{"@type":"WebPage","@id":"https:\/\/www.redesalvatoriana.org.br\/divino\/blog\/2026\/03\/06\/hospital-ganha-nova-recepcao-central-para-acesso-principal\/#webpage","url":"https:\/\/www.redesalvatoriana.org.br\/divino\/blog\/2026\/03\/06\/hospital-ganha-nova-recepcao-central-para-acesso-principal\/","name":"Hospital ganha nova recep\u00e7\u00e3o central para acesso principal - Hospital Salvatoriano Divino Salvador","isPartOf":{"@id":"https:\/\/www.redesalvatoriana.org.br\/divino\/blog\/#website"},"primaryImageOfPage":{"@id":"https:\/\/www.redesalvatoriana.org.br\/divino\/blog\/2026\/03\/06\/hospital-ganha-nova-recepcao-central-para-acesso-principal\/#primaryimage"},"datePublished":"2026-03-06T17:15:24+00:00","dateModified":"2026-03-06T17:18:12+00:00","author":{"@id":"https:\/\/www.redesalvatoriana.org.br\/divino\/blog\/#\/schema\/person\/5084b9840b2eeaf7960372eea931cdfd"},"description":"Hospital passa a ter nova recep\u00e7\u00e3o central como acesso principal, trazendo mais organiza\u00e7\u00e3o, orienta\u00e7\u00e3o e conforto para pacientes.","breadcrumb":{"@id":"https:\/\/www.redesalvatoriana.org.br\/divino\/blog\/2026\/03\/06\/hospital-ganha-nova-recepcao-central-para-acesso-principal\/#breadcrumb"},"inLanguage":"pt-BR","potentialAction":[{"@type":"ReadAction","target":["https:\/\/www.redesalvatoriana.org.br\/divino\/blog\/2026\/03\/06\/hospital-ganha-nova-recepcao-central-para-acesso-principal\/"]}]},{"@type":"BreadcrumbList","@id":"https:\/\/www.redesalvatoriana.org.br\/divino\/blog\/2026\/03\/06\/hospital-ganha-nova-recepcao-central-para-acesso-principal\/#breadcrumb","itemListElement":[{"@type":"ListItem","position":1,"name":"Home","item":"https:\/\/www.redesalvatoriana.org.br\/divino\/blog\/"},{"@type":"ListItem","position":2,"name":"Hospital ganha nova recep\u00e7\u00e3o central para acesso principal"}]},{"@type":"Person","@id":"https:\/\/www.redesalvatoriana.org.br\/divino\/blog\/#\/schema\/person\/5084b9840b2eeaf7960372eea931cdfd","name":"Hospital Salvatoriano Divino Salvador","image":{"@type":"ImageObject","@id":"https:\/\/www.redesalvatoriana.org.br\/divino\/blog\/#personlogo","inLanguage":"pt-BR","url":"https:\/\/secure.gravatar.com\/avatar\/f6db265bbdc8bd4b0db118af6359d3f6?s=96&d=mm&r=g","contentUrl":"https:\/\/secure.gravatar.com\/avatar\/f6db265bbdc8bd4b0db118af6359d3f6?s=96&d=mm&r=g","caption":"Hospital Salvatoriano Divino Salvador"},"url":"https:\/\/www.redesalvatoriana.org.br\/divino\/blog\/author\/hsds\/"}]}},"_links":{"self":[{"href":"https:\/\/www.redesalvatoriana.org.br\/divino\/blog\/wp-json\/wp\/v2\/posts\/1937"}],"collection":[{"href":"https:\/\/www.redesalvatoriana.org.br\/divino\/blog\/wp-json\/wp\/v2\/posts"}],"about":[{"href":"https:\/\/www.redesalvatoriana.org.br\/divino\/blog\/wp-json\/wp\/v2\/types\/post"}],"author":[{"embeddable":true,"href":"https:\/\/www.redesalvatoriana.org.br\/divino\/blog\/wp-json\/wp\/v2\/users\/2"}],"replies":[{"embeddable":true,"href":"https:\/\/www.redesalvatoriana.org.br\/divino\/blog\/wp-json\/wp\/v2\/comments?post=1937"}],"version-history":[{"count":3,"href":"https:\/\/www.redesalvatoriana.org.br\/divino\/blog\/wp-json\/wp\/v2\/posts\/1937\/revisions"}],"predecessor-version":[{"id":1948,"href":"https:\/\/www.redesalvatoriana.org.br\/divino\/blog\/wp-json\/wp\/v2\/posts\/1937\/revisions\/1948"}],"wp:featuredmedia":[{"embeddable":true,"href":"https:\/\/www.redesalvatoriana.org.br\/divino\/blog\/wp-json\/wp\/v2\/media\/1938"}],"wp:attachment":[{"href":"https:\/\/www.redesalvatoriana.org.br\/divino\/blog\/wp-json\/wp\/v2\/media?parent=1937"}],"wp:term":[{"taxonomy":"category","embeddable":true,"href":"https:\/\/www.redesalvatoriana.org.br\/divino\/blog\/wp-json\/wp\/v2\/categories?post=1937"},{"taxonomy":"post_tag","embeddable":true,"href":"https:\/\/www.redesalvatoriana.org.br\/divino\/blog\/wp-json\/wp\/v2\/tags?post=1937"}],"curies":[{"name":"wp","href":"https:\/\/api.w.org\/{rel}","templated":true}]}}