{"id":1691,"date":"2025-10-29T17:03:08","date_gmt":"2025-10-29T17:03:08","guid":{"rendered":"https:\/\/www.redesalvatoriana.org.br\/divino\/blog\/?p=1691"},"modified":"2025-10-29T17:20:19","modified_gmt":"2025-10-29T17:20:19","slug":"evento-arrecada-300-litros-de-leite-para-o-hsds","status":"publish","type":"post","link":"https:\/\/www.redesalvatoriana.org.br\/divino\/blog\/2025\/10\/29\/evento-arrecada-300-litros-de-leite-para-o-hsds\/","title":{"rendered":"Evento arrecada 300 litros de leite para o HSDS"},"content":{"rendered":"\n<p><strong>Palestra de empreendedorismo reuniu aprendizado, inspira\u00e7\u00e3o e solidariedade em Videira.<\/strong><\/p>\n\n\n\n<p><\/p>\n\n\n\n<p>O Hospital Salvatoriano Divino Salvador recebeu uma doa\u00e7\u00e3o de aproximadamente 300 litros de leite, arrecadados durante o evento Excel\u00eancia Talks, promovido pela Associa\u00e7\u00e3o Comercial e Industrial do Alto Vale do Rio do Peixe (ACIAV). A a\u00e7\u00e3o teve como objetivo unir conhecimento e solidariedade, destinando ao hospital os alimentos arrecadados como ingresso para o encontro. <\/p>\n\n\n\n<p>O evento contou com palestras de Adriano Schlosser e M\u00e1rio Gazin, que compartilharam experi\u00eancias sobre empreendedorismo, lideran\u00e7a e supera\u00e7\u00e3o. Realizado no audit\u00f3rio do Col\u00e9gio Imaculada em Videira, no \u00faltimo dia 22, o Excel\u00eancia Talks reuniu empres\u00e1rios, estudantes e representantes de diversos segmentos, promovendo momentos de aprendizado e inspira\u00e7\u00e3o. <\/p>\n\n\n\n<p>A dire\u00e7\u00e3o do Hospital Salvatoriano Divino Salvador agradeceu \u00e0 ACIAV pela iniciativa e destacou a import\u00e2ncia de parcerias que fortalecem o compromisso social e o cuidado com a comunidade. \u201cGestos como este refor\u00e7am valores de coopera\u00e7\u00e3o e solidariedade, fundamentais para seguirmos com nossa miss\u00e3o de acolher e transformar vidas\u201d, destacou a institui\u00e7\u00e3o.<\/p>\n\n\n\n<figure class=\"wp-block-image size-large\"><img loading=\"lazy\" width=\"1024\" height=\"536\" src=\"https:\/\/www.redesalvatoriana.org.br\/divino\/blog\/wp-content\/uploads\/2025\/10\/DOACAO-DE-ORGAOS-2-1-1024x536.jpg\" alt=\"\" class=\"wp-image-1694\" srcset=\"https:\/\/www.redesalvatoriana.org.br\/divino\/blog\/wp-content\/uploads\/2025\/10\/DOACAO-DE-ORGAOS-2-1-1024x536.jpg 1024w, https:\/\/www.redesalvatoriana.org.br\/divino\/blog\/wp-content\/uploads\/2025\/10\/DOACAO-DE-ORGAOS-2-1-300x157.jpg 300w, https:\/\/www.redesalvatoriana.org.br\/divino\/blog\/wp-content\/uploads\/2025\/10\/DOACAO-DE-ORGAOS-2-1-768x402.jpg 768w, https:\/\/www.redesalvatoriana.org.br\/divino\/blog\/wp-content\/uploads\/2025\/10\/DOACAO-DE-ORGAOS-2-1-1536x804.jpg 1536w, https:\/\/www.redesalvatoriana.org.br\/divino\/blog\/wp-content\/uploads\/2025\/10\/DOACAO-DE-ORGAOS-2-1-2048x1072.jpg 2048w\" sizes=\"(max-width: 1024px) 100vw, 1024px\" \/><figcaption><strong>Adriano Schlosser falou sobre a gest\u00e3o emocional para lideres de alta performance<\/strong><\/figcaption><\/figure>\n\n\n\n<p><\/p>\n\n\n\n<p><\/p>\n\n\n\n<p><\/p>\n\n\n\n<p><\/p>\n\n\n\n<figure class=\"wp-block-gallery columns-1 is-cropped\"><ul class=\"blocks-gallery-grid\"><li class=\"blocks-gallery-item\"><figure><img loading=\"lazy\" width=\"1024\" height=\"536\" src=\"https:\/\/www.redesalvatoriana.org.br\/divino\/blog\/wp-content\/uploads\/2025\/10\/DOACAO-DE-ORGAOS-3-2-1024x536.jpg\" alt=\"\" data-id=\"1699\" data-full-url=\"https:\/\/www.redesalvatoriana.org.br\/divino\/blog\/wp-content\/uploads\/2025\/10\/DOACAO-DE-ORGAOS-3-2-scaled.jpg\" data-link=\"https:\/\/www.redesalvatoriana.org.br\/divino\/blog\/2025\/10\/29\/evento-arrecada-300-litros-de-leite-para-o-hsds\/doacao-de-orgaos-3-2-2\/\" class=\"wp-image-1699\" srcset=\"https:\/\/www.redesalvatoriana.org.br\/divino\/blog\/wp-content\/uploads\/2025\/10\/DOACAO-DE-ORGAOS-3-2-1024x536.jpg 1024w, https:\/\/www.redesalvatoriana.org.br\/divino\/blog\/wp-content\/uploads\/2025\/10\/DOACAO-DE-ORGAOS-3-2-300x157.jpg 300w, https:\/\/www.redesalvatoriana.org.br\/divino\/blog\/wp-content\/uploads\/2025\/10\/DOACAO-DE-ORGAOS-3-2-768x402.jpg 768w, https:\/\/www.redesalvatoriana.org.br\/divino\/blog\/wp-content\/uploads\/2025\/10\/DOACAO-DE-ORGAOS-3-2-1536x804.jpg 1536w, https:\/\/www.redesalvatoriana.org.br\/divino\/blog\/wp-content\/uploads\/2025\/10\/DOACAO-DE-ORGAOS-3-2-2048x1072.jpg 2048w\" sizes=\"(max-width: 1024px) 100vw, 1024px\" \/><\/figure><\/li><\/ul><figcaption class=\"blocks-gallery-caption\"><strong> M\u00e1rio Gazin abordou o tema &#8220;Roda gigante da Vida&#8221; em sua palestra<\/strong><\/figcaption><\/figure>\n\n\n\n<p><\/p>\n\n\n\n<p><\/p>\n","protected":false},"excerpt":{"rendered":"<p>Palestra de empreendedorismo reuniu aprendizado, inspira\u00e7\u00e3o e solidariedade em Videira. O Hospital Salvatoriano Divino Salvador recebeu uma doa\u00e7\u00e3o de aproximadamente 300 litros de leite, arrecadados durante o evento Excel\u00eancia Talks, promovido pela Associa\u00e7\u00e3o&#8230;<\/p>\n","protected":false},"author":2,"featured_media":1693,"comment_status":"open","ping_status":"open","sticky":true,"template":"","format":"standard","meta":[],"categories":[1],"tags":[25,31,21,8,32,37],"yoast_head":"<!-- This site is optimized with the Yoast SEO plugin v17.7.1 - https:\/\/yoast.com\/wordpress\/plugins\/seo\/ -->\n<meta name=\"robots\" content=\"index, follow, max-snippet:-1, max-image-preview:large, max-video-preview:-1\" \/>\n<link rel=\"canonical\" href=\"https:\/\/www.redesalvatoriana.org.br\/divino\/blog\/2025\/10\/29\/evento-arrecada-300-litros-de-leite-para-o-hsds\/\" \/>\n<meta property=\"og:locale\" content=\"pt_BR\" \/>\n<meta property=\"og:type\" content=\"article\" \/>\n<meta property=\"og:title\" content=\"Evento arrecada 300 litros de leite para o HSDS - Hospital Salvatoriano Divino Salvador\" \/>\n<meta property=\"og:description\" content=\"Palestra de empreendedorismo reuniu aprendizado, inspira\u00e7\u00e3o e solidariedade em Videira. O Hospital Salvatoriano Divino Salvador recebeu uma doa\u00e7\u00e3o de aproximadamente 300 litros de leite, arrecadados durante o evento Excel\u00eancia Talks, promovido pela Associa\u00e7\u00e3o...\" \/>\n<meta property=\"og:url\" content=\"https:\/\/www.redesalvatoriana.org.br\/divino\/blog\/2025\/10\/29\/evento-arrecada-300-litros-de-leite-para-o-hsds\/\" \/>\n<meta property=\"og:site_name\" content=\"Hospital Salvatoriano Divino Salvador\" \/>\n<meta property=\"article:published_time\" content=\"2025-10-29T17:03:08+00:00\" \/>\n<meta property=\"article:modified_time\" content=\"2025-10-29T17:20:19+00:00\" \/>\n<meta property=\"og:image\" content=\"https:\/\/www.redesalvatoriana.org.br\/divino\/blog\/wp-content\/uploads\/2025\/10\/DOACAO-DE-ORGAOS-3-scaled.jpg\" \/>\n\t<meta property=\"og:image:width\" content=\"2560\" \/>\n\t<meta property=\"og:image:height\" content=\"1339\" \/>\n<meta name=\"twitter:card\" content=\"summary_large_image\" \/>\n<meta name=\"twitter:label1\" content=\"Written by\" \/>\n\t<meta name=\"twitter:data1\" content=\"Hospital Salvatoriano Divino Salvador\" \/>\n\t<meta name=\"twitter:label2\" content=\"Est. reading time\" \/>\n\t<meta name=\"twitter:data2\" content=\"2 minutos\" \/>\n<script type=\"application\/ld+json\" class=\"yoast-schema-graph\">{\"@context\":\"https:\/\/schema.org\",\"@graph\":[{\"@type\":\"WebSite\",\"@id\":\"https:\/\/www.redesalvatoriana.org.br\/divino\/blog\/#website\",\"url\":\"https:\/\/www.redesalvatoriana.org.br\/divino\/blog\/\",\"name\":\"Hospital Salvatoriano Divino Salvador\",\"description\":\"Hospital Salvatoriano Divino Salvador\",\"potentialAction\":[{\"@type\":\"SearchAction\",\"target\":{\"@type\":\"EntryPoint\",\"urlTemplate\":\"https:\/\/www.redesalvatoriana.org.br\/divino\/blog\/?s={search_term_string}\"},\"query-input\":\"required name=search_term_string\"}],\"inLanguage\":\"pt-BR\"},{\"@type\":\"ImageObject\",\"@id\":\"https:\/\/www.redesalvatoriana.org.br\/divino\/blog\/2025\/10\/29\/evento-arrecada-300-litros-de-leite-para-o-hsds\/#primaryimage\",\"inLanguage\":\"pt-BR\",\"url\":\"https:\/\/www.redesalvatoriana.org.br\/divino\/blog\/wp-content\/uploads\/2025\/10\/DOACAO-DE-ORGAOS-3-scaled.jpg\",\"contentUrl\":\"https:\/\/www.redesalvatoriana.org.br\/divino\/blog\/wp-content\/uploads\/2025\/10\/DOACAO-DE-ORGAOS-3-scaled.jpg\",\"width\":2560,\"height\":1339},{\"@type\":\"WebPage\",\"@id\":\"https:\/\/www.redesalvatoriana.org.br\/divino\/blog\/2025\/10\/29\/evento-arrecada-300-litros-de-leite-para-o-hsds\/#webpage\",\"url\":\"https:\/\/www.redesalvatoriana.org.br\/divino\/blog\/2025\/10\/29\/evento-arrecada-300-litros-de-leite-para-o-hsds\/\",\"name\":\"Evento arrecada 300 litros de leite para o HSDS - Hospital Salvatoriano Divino Salvador\",\"isPartOf\":{\"@id\":\"https:\/\/www.redesalvatoriana.org.br\/divino\/blog\/#website\"},\"primaryImageOfPage\":{\"@id\":\"https:\/\/www.redesalvatoriana.org.br\/divino\/blog\/2025\/10\/29\/evento-arrecada-300-litros-de-leite-para-o-hsds\/#primaryimage\"},\"datePublished\":\"2025-10-29T17:03:08+00:00\",\"dateModified\":\"2025-10-29T17:20:19+00:00\",\"author\":{\"@id\":\"https:\/\/www.redesalvatoriana.org.br\/divino\/blog\/#\/schema\/person\/5084b9840b2eeaf7960372eea931cdfd\"},\"breadcrumb\":{\"@id\":\"https:\/\/www.redesalvatoriana.org.br\/divino\/blog\/2025\/10\/29\/evento-arrecada-300-litros-de-leite-para-o-hsds\/#breadcrumb\"},\"inLanguage\":\"pt-BR\",\"potentialAction\":[{\"@type\":\"ReadAction\",\"target\":[\"https:\/\/www.redesalvatoriana.org.br\/divino\/blog\/2025\/10\/29\/evento-arrecada-300-litros-de-leite-para-o-hsds\/\"]}]},{\"@type\":\"BreadcrumbList\",\"@id\":\"https:\/\/www.redesalvatoriana.org.br\/divino\/blog\/2025\/10\/29\/evento-arrecada-300-litros-de-leite-para-o-hsds\/#breadcrumb\",\"itemListElement\":[{\"@type\":\"ListItem\",\"position\":1,\"name\":\"Home\",\"item\":\"https:\/\/www.redesalvatoriana.org.br\/divino\/blog\/\"},{\"@type\":\"ListItem\",\"position\":2,\"name\":\"Evento arrecada 300 litros de leite para o HSDS\"}]},{\"@type\":\"Person\",\"@id\":\"https:\/\/www.redesalvatoriana.org.br\/divino\/blog\/#\/schema\/person\/5084b9840b2eeaf7960372eea931cdfd\",\"name\":\"Hospital Salvatoriano Divino Salvador\",\"image\":{\"@type\":\"ImageObject\",\"@id\":\"https:\/\/www.redesalvatoriana.org.br\/divino\/blog\/#personlogo\",\"inLanguage\":\"pt-BR\",\"url\":\"https:\/\/secure.gravatar.com\/avatar\/f6db265bbdc8bd4b0db118af6359d3f6?s=96&d=mm&r=g\",\"contentUrl\":\"https:\/\/secure.gravatar.com\/avatar\/f6db265bbdc8bd4b0db118af6359d3f6?s=96&d=mm&r=g\",\"caption\":\"Hospital Salvatoriano Divino Salvador\"},\"url\":\"https:\/\/www.redesalvatoriana.org.br\/divino\/blog\/author\/hsds\/\"}]}<\/script>\n<!-- \/ Yoast SEO plugin. -->","yoast_head_json":{"robots":{"index":"index","follow":"follow","max-snippet":"max-snippet:-1","max-image-preview":"max-image-preview:large","max-video-preview":"max-video-preview:-1"},"canonical":"https:\/\/www.redesalvatoriana.org.br\/divino\/blog\/2025\/10\/29\/evento-arrecada-300-litros-de-leite-para-o-hsds\/","og_locale":"pt_BR","og_type":"article","og_title":"Evento arrecada 300 litros de leite para o HSDS - Hospital Salvatoriano Divino Salvador","og_description":"Palestra de empreendedorismo reuniu aprendizado, inspira\u00e7\u00e3o e solidariedade em Videira. O Hospital Salvatoriano Divino Salvador recebeu uma doa\u00e7\u00e3o de aproximadamente 300 litros de leite, arrecadados durante o evento Excel\u00eancia Talks, promovido pela Associa\u00e7\u00e3o...","og_url":"https:\/\/www.redesalvatoriana.org.br\/divino\/blog\/2025\/10\/29\/evento-arrecada-300-litros-de-leite-para-o-hsds\/","og_site_name":"Hospital Salvatoriano Divino Salvador","article_published_time":"2025-10-29T17:03:08+00:00","article_modified_time":"2025-10-29T17:20:19+00:00","og_image":[{"width":2560,"height":1339,"url":"https:\/\/www.redesalvatoriana.org.br\/divino\/blog\/wp-content\/uploads\/2025\/10\/DOACAO-DE-ORGAOS-3-scaled.jpg","type":"image\/jpeg"}],"twitter_card":"summary_large_image","twitter_misc":{"Written by":"Hospital Salvatoriano Divino Salvador","Est. reading time":"2 minutos"},"schema":{"@context":"https:\/\/schema.org","@graph":[{"@type":"WebSite","@id":"https:\/\/www.redesalvatoriana.org.br\/divino\/blog\/#website","url":"https:\/\/www.redesalvatoriana.org.br\/divino\/blog\/","name":"Hospital Salvatoriano Divino Salvador","description":"Hospital Salvatoriano Divino Salvador","potentialAction":[{"@type":"SearchAction","target":{"@type":"EntryPoint","urlTemplate":"https:\/\/www.redesalvatoriana.org.br\/divino\/blog\/?s={search_term_string}"},"query-input":"required name=search_term_string"}],"inLanguage":"pt-BR"},{"@type":"ImageObject","@id":"https:\/\/www.redesalvatoriana.org.br\/divino\/blog\/2025\/10\/29\/evento-arrecada-300-litros-de-leite-para-o-hsds\/#primaryimage","inLanguage":"pt-BR","url":"https:\/\/www.redesalvatoriana.org.br\/divino\/blog\/wp-content\/uploads\/2025\/10\/DOACAO-DE-ORGAOS-3-scaled.jpg","contentUrl":"https:\/\/www.redesalvatoriana.org.br\/divino\/blog\/wp-content\/uploads\/2025\/10\/DOACAO-DE-ORGAOS-3-scaled.jpg","width":2560,"height":1339},{"@type":"WebPage","@id":"https:\/\/www.redesalvatoriana.org.br\/divino\/blog\/2025\/10\/29\/evento-arrecada-300-litros-de-leite-para-o-hsds\/#webpage","url":"https:\/\/www.redesalvatoriana.org.br\/divino\/blog\/2025\/10\/29\/evento-arrecada-300-litros-de-leite-para-o-hsds\/","name":"Evento arrecada 300 litros de leite para o HSDS - Hospital Salvatoriano Divino Salvador","isPartOf":{"@id":"https:\/\/www.redesalvatoriana.org.br\/divino\/blog\/#website"},"primaryImageOfPage":{"@id":"https:\/\/www.redesalvatoriana.org.br\/divino\/blog\/2025\/10\/29\/evento-arrecada-300-litros-de-leite-para-o-hsds\/#primaryimage"},"datePublished":"2025-10-29T17:03:08+00:00","dateModified":"2025-10-29T17:20:19+00:00","author":{"@id":"https:\/\/www.redesalvatoriana.org.br\/divino\/blog\/#\/schema\/person\/5084b9840b2eeaf7960372eea931cdfd"},"breadcrumb":{"@id":"https:\/\/www.redesalvatoriana.org.br\/divino\/blog\/2025\/10\/29\/evento-arrecada-300-litros-de-leite-para-o-hsds\/#breadcrumb"},"inLanguage":"pt-BR","potentialAction":[{"@type":"ReadAction","target":["https:\/\/www.redesalvatoriana.org.br\/divino\/blog\/2025\/10\/29\/evento-arrecada-300-litros-de-leite-para-o-hsds\/"]}]},{"@type":"BreadcrumbList","@id":"https:\/\/www.redesalvatoriana.org.br\/divino\/blog\/2025\/10\/29\/evento-arrecada-300-litros-de-leite-para-o-hsds\/#breadcrumb","itemListElement":[{"@type":"ListItem","position":1,"name":"Home","item":"https:\/\/www.redesalvatoriana.org.br\/divino\/blog\/"},{"@type":"ListItem","position":2,"name":"Evento arrecada 300 litros de leite para o HSDS"}]},{"@type":"Person","@id":"https:\/\/www.redesalvatoriana.org.br\/divino\/blog\/#\/schema\/person\/5084b9840b2eeaf7960372eea931cdfd","name":"Hospital Salvatoriano Divino Salvador","image":{"@type":"ImageObject","@id":"https:\/\/www.redesalvatoriana.org.br\/divino\/blog\/#personlogo","inLanguage":"pt-BR","url":"https:\/\/secure.gravatar.com\/avatar\/f6db265bbdc8bd4b0db118af6359d3f6?s=96&d=mm&r=g","contentUrl":"https:\/\/secure.gravatar.com\/avatar\/f6db265bbdc8bd4b0db118af6359d3f6?s=96&d=mm&r=g","caption":"Hospital Salvatoriano Divino Salvador"},"url":"https:\/\/www.redesalvatoriana.org.br\/divino\/blog\/author\/hsds\/"}]}},"_links":{"self":[{"href":"https:\/\/www.redesalvatoriana.org.br\/divino\/blog\/wp-json\/wp\/v2\/posts\/1691"}],"collection":[{"href":"https:\/\/www.redesalvatoriana.org.br\/divino\/blog\/wp-json\/wp\/v2\/posts"}],"about":[{"href":"https:\/\/www.redesalvatoriana.org.br\/divino\/blog\/wp-json\/wp\/v2\/types\/post"}],"author":[{"embeddable":true,"href":"https:\/\/www.redesalvatoriana.org.br\/divino\/blog\/wp-json\/wp\/v2\/users\/2"}],"replies":[{"embeddable":true,"href":"https:\/\/www.redesalvatoriana.org.br\/divino\/blog\/wp-json\/wp\/v2\/comments?post=1691"}],"version-history":[{"count":9,"href":"https:\/\/www.redesalvatoriana.org.br\/divino\/blog\/wp-json\/wp\/v2\/posts\/1691\/revisions"}],"predecessor-version":[{"id":1708,"href":"https:\/\/www.redesalvatoriana.org.br\/divino\/blog\/wp-json\/wp\/v2\/posts\/1691\/revisions\/1708"}],"wp:featuredmedia":[{"embeddable":true,"href":"https:\/\/www.redesalvatoriana.org.br\/divino\/blog\/wp-json\/wp\/v2\/media\/1693"}],"wp:attachment":[{"href":"https:\/\/www.redesalvatoriana.org.br\/divino\/blog\/wp-json\/wp\/v2\/media?parent=1691"}],"wp:term":[{"taxonomy":"category","embeddable":true,"href":"https:\/\/www.redesalvatoriana.org.br\/divino\/blog\/wp-json\/wp\/v2\/categories?post=1691"},{"taxonomy":"post_tag","embeddable":true,"href":"https:\/\/www.redesalvatoriana.org.br\/divino\/blog\/wp-json\/wp\/v2\/tags?post=1691"}],"curies":[{"name":"wp","href":"https:\/\/api.w.org\/{rel}","templated":true}]}}