{"id":342,"date":"2017-08-11T00:00:00","date_gmt":"2017-08-11T00:00:00","guid":{"rendered":"https:\/\/www.redesalvatoriana.org.br\/bomconselho\/blog\/2017\/08\/11\/8-ano-constroi-maquete-representando-as-fabricas-da-revolucao-industrial\/"},"modified":"2017-08-11T00:00:00","modified_gmt":"2017-08-11T00:00:00","slug":"8-ano-constroi-maquete-representando-as-fabricas-da-revolucao-industrial","status":"publish","type":"post","link":"https:\/\/www.redesalvatoriana.org.br\/bomconselho\/blog\/2017\/08\/11\/8-ano-constroi-maquete-representando-as-fabricas-da-revolucao-industrial\/","title":{"rendered":"8\u00ba ano constroi maquete representando as f\u00e1bricas da Revolu\u00e7\u00e3o Industrial"},"content":{"rendered":"<p style=\"text-align: justify;\"><span style=\"font-size: small;\">Os estudantes do 8&ordm; ano representaram as f&aacute;bricas da Revolu&ccedil;&atilde;o Industrial a partir da constru&ccedil;&atilde;o de uma maquete dentro de uma caixa de sapatos. Os alunos fizeram as maquetes em casa no per&iacute;odo de 1&ordm; a 10 de agosto e receberam as instru&ccedil;&otilde;es do professor de Hist&oacute;ria, Jonas Balbinot.<\/span><\/p>\n<p style=\"text-align: justify;\"><span style=\"font-size: small;\">&nbsp;<\/span><\/p>\n<p style=\"text-align: justify;\"><span style=\"font-size: small;\">Para a confec&ccedil;&atilde;o foram utilizadas caixas de sapato com materiais recicl&aacute;veis e reutiliz&aacute;veis. O objetivo central da atividade foi demonstrar como se organizava a sociedade ap&oacute;s a Revolu&ccedil;&atilde;o Industrial, sempre trabalhando a consci&ecirc;ncia ecol&oacute;gica a partir da reutiliza&ccedil;&atilde;o de materiais para a elabora&ccedil;&atilde;o da maquete.<\/span><\/p>\n<p style=\"text-align: justify;\"><span style=\"font-size: small;\">&nbsp;<\/span><\/p>\n<p style=\"text-align: justify;\"><span style=\"font-size: small;\">O aluno desenvolveu assim o conhecimento sobre como funcionavam as f&aacute;bricas da revolu&ccedil;&atilde;o industrial, bem como os problemas causados pela divis&atilde;o do trabalho e a ascens&atilde;o das m&aacute;quinas no presente per&iacute;odo.<\/span><\/p>\n","protected":false},"excerpt":{"rendered":"<p>Os estudantes do 8&ordm; ano representaram as f&aacute;bricas da Revolu&ccedil;&atilde;o Industrial a partir da constru&ccedil;&atilde;o de uma maquete dentro de uma caixa de sapatos. Os alunos fizeram as maquetes em casa no per&iacute;odo de 1&ordm; a 10 de agosto e receberam as instru&ccedil;&otilde;es do professor de Hist&oacute;ria, Jonas Balbinot. &nbsp; Para a confec&ccedil;&atilde;o foram utilizadas [&hellip;]<\/p>\n","protected":false},"author":1,"featured_media":0,"comment_status":"open","ping_status":"open","sticky":false,"template":"","format":"standard","meta":[],"categories":[6],"tags":[],"_links":{"self":[{"href":"https:\/\/www.redesalvatoriana.org.br\/bomconselho\/blog\/wp-json\/wp\/v2\/posts\/342"}],"collection":[{"href":"https:\/\/www.redesalvatoriana.org.br\/bomconselho\/blog\/wp-json\/wp\/v2\/posts"}],"about":[{"href":"https:\/\/www.redesalvatoriana.org.br\/bomconselho\/blog\/wp-json\/wp\/v2\/types\/post"}],"author":[{"embeddable":true,"href":"https:\/\/www.redesalvatoriana.org.br\/bomconselho\/blog\/wp-json\/wp\/v2\/users\/1"}],"replies":[{"embeddable":true,"href":"https:\/\/www.redesalvatoriana.org.br\/bomconselho\/blog\/wp-json\/wp\/v2\/comments?post=342"}],"version-history":[{"count":0,"href":"https:\/\/www.redesalvatoriana.org.br\/bomconselho\/blog\/wp-json\/wp\/v2\/posts\/342\/revisions"}],"wp:attachment":[{"href":"https:\/\/www.redesalvatoriana.org.br\/bomconselho\/blog\/wp-json\/wp\/v2\/media?parent=342"}],"wp:term":[{"taxonomy":"category","embeddable":true,"href":"https:\/\/www.redesalvatoriana.org.br\/bomconselho\/blog\/wp-json\/wp\/v2\/categories?post=342"},{"taxonomy":"post_tag","embeddable":true,"href":"https:\/\/www.redesalvatoriana.org.br\/bomconselho\/blog\/wp-json\/wp\/v2\/tags?post=342"}],"curies":[{"name":"wp","href":"https:\/\/api.w.org\/{rel}","templated":true}]}}