{"id":2454,"date":"2014-08-14T00:00:00","date_gmt":"2014-08-14T00:00:00","guid":{"rendered":"https:\/\/www.redesalvatoriana.org.br\/bomconselho\/blog\/2014\/08\/14\/educacao-infantil-nivel-i-conhecendo-as-cores-azul\/"},"modified":"2014-08-14T00:00:00","modified_gmt":"2014-08-14T00:00:00","slug":"educacao-infantil-nivel-i-conhecendo-as-cores-azul","status":"publish","type":"post","link":"https:\/\/www.redesalvatoriana.org.br\/bomconselho\/blog\/2014\/08\/14\/educacao-infantil-nivel-i-conhecendo-as-cores-azul\/","title":{"rendered":"Educa\u00e7\u00e3o Infantil N\u00edvel I &#8211; Conhecendo as cores: Azul"},"content":{"rendered":"<p>A professora Viviane e a monitora Jaqueline da Educa&ccedil;&atilde;o Infantil N&iacute;vel I, realizaram na tarde desta quinta-feira, 14 de agosto, uma atividade L&uacute;dica com os alunos.<\/p>\n<p>&nbsp;<\/p>\n<p>O trabalho de hoje &eacute; conhecer as cores, e a atividade teve in&iacute;cio com a cor azul. Eles pingaram tinta em uma garrafinha com &aacute;gua e puderam ver esta tinta se misturar e deixar a &aacute;gua azul. Ap&oacute;s, pintaram as garrafinhas. E tamb&eacute;m fizeram trabalhinhos usando a cor azul.<\/p>\n<p>&nbsp;<\/p>\n<p>A pr&oacute;xima cor &eacute; o amarelo&#8230; Vamos aguardar para ver o trabalhinho que eles ir&atilde;o apresentar com esta nova cor&#8230;<\/p>\n<p>&nbsp;<\/p>\n<p>Confira em nossa galeria esse momento azul dos pequenos aluninhos do Bom Conselho.<\/p>\n","protected":false},"excerpt":{"rendered":"<p>A professora Viviane e a monitora Jaqueline da Educa&ccedil;&atilde;o Infantil N&iacute;vel I, realizaram na tarde desta quinta-feira, 14 de agosto, uma atividade L&uacute;dica com os alunos. &nbsp; O trabalho de hoje &eacute; conhecer as cores, e a atividade teve in&iacute;cio com a cor azul. Eles pingaram tinta em uma garrafinha com &aacute;gua e puderam ver [&hellip;]<\/p>\n","protected":false},"author":1,"featured_media":2471,"comment_status":"open","ping_status":"open","sticky":false,"template":"","format":"standard","meta":[],"categories":[6],"tags":[],"_links":{"self":[{"href":"https:\/\/www.redesalvatoriana.org.br\/bomconselho\/blog\/wp-json\/wp\/v2\/posts\/2454"}],"collection":[{"href":"https:\/\/www.redesalvatoriana.org.br\/bomconselho\/blog\/wp-json\/wp\/v2\/posts"}],"about":[{"href":"https:\/\/www.redesalvatoriana.org.br\/bomconselho\/blog\/wp-json\/wp\/v2\/types\/post"}],"author":[{"embeddable":true,"href":"https:\/\/www.redesalvatoriana.org.br\/bomconselho\/blog\/wp-json\/wp\/v2\/users\/1"}],"replies":[{"embeddable":true,"href":"https:\/\/www.redesalvatoriana.org.br\/bomconselho\/blog\/wp-json\/wp\/v2\/comments?post=2454"}],"version-history":[{"count":0,"href":"https:\/\/www.redesalvatoriana.org.br\/bomconselho\/blog\/wp-json\/wp\/v2\/posts\/2454\/revisions"}],"wp:featuredmedia":[{"embeddable":true,"href":"https:\/\/www.redesalvatoriana.org.br\/bomconselho\/blog\/wp-json\/wp\/v2\/media\/2471"}],"wp:attachment":[{"href":"https:\/\/www.redesalvatoriana.org.br\/bomconselho\/blog\/wp-json\/wp\/v2\/media?parent=2454"}],"wp:term":[{"taxonomy":"category","embeddable":true,"href":"https:\/\/www.redesalvatoriana.org.br\/bomconselho\/blog\/wp-json\/wp\/v2\/categories?post=2454"},{"taxonomy":"post_tag","embeddable":true,"href":"https:\/\/www.redesalvatoriana.org.br\/bomconselho\/blog\/wp-json\/wp\/v2\/tags?post=2454"}],"curies":[{"name":"wp","href":"https:\/\/api.w.org\/{rel}","templated":true}]}}