{"id":1809,"date":"2015-04-02T00:00:00","date_gmt":"2015-04-02T00:00:00","guid":{"rendered":"https:\/\/www.redesalvatoriana.org.br\/bomconselho\/blog\/2015\/04\/02\/celebracao-de-pascoa-para-professores-e-funcionarios\/"},"modified":"2015-04-02T00:00:00","modified_gmt":"2015-04-02T00:00:00","slug":"celebracao-de-pascoa-para-professores-e-funcionarios","status":"publish","type":"post","link":"https:\/\/www.redesalvatoriana.org.br\/bomconselho\/blog\/2015\/04\/02\/celebracao-de-pascoa-para-professores-e-funcionarios\/","title":{"rendered":"Celebra\u00e7\u00e3o de P\u00e1scoa para Professores e Funcion\u00e1rios"},"content":{"rendered":"<p style=\"text-align: center;\" align=\"center\"><span style=\"font-size: small;\"><strong><em><br \/><\/em><\/strong><\/span><\/p>\n<p style=\"text-align: center;\" align=\"center\"><span style=\"font-size: small;\"><strong><em><br \/><\/em><\/strong><\/span><\/p>\n<p style=\"text-align: center;\" align=\"center\"><span style=\"font-size: small;\"><strong><em>P&aacute;scoa &eacute; um momento para enxergar quem precisa de ajuda, &eacute; praticar a ressurrei&ccedil;&atilde;o, n&atilde;o s&oacute; na pr&oacute;pria vida, como levar esta ressurrei&ccedil;&atilde;o &agrave; vida de quem precisa<\/em><\/strong><strong><em> Que nesta P&aacute;scoa nossa f&eacute; seja revigorada pela certeza de que Cristo ressuscitou e est&aacute; entre n&oacute;s.<\/em><\/strong><\/span><\/p>\n<p style=\"text-align: center;\" align=\"center\"><span style=\"font-size: small;\"><strong><em><br \/><\/em><\/strong><\/span><\/p>\n<p style=\"text-align: center;\" align=\"center\"><span style=\"font-size: small;\"><strong><em><br \/><\/em><\/strong><\/span><\/p>\n<p style=\"text-align: justify;\" align=\"center\"><span style=\"font-size: small; text-align: justify;\">EMOCIONANTE. Esta palavra define o que foi a Celebra&ccedil;&atilde;o de P&aacute;scoa organizada pela coordenadora da Pastoral Escolar, Irm&atilde; Ines Razera. Um momento de&nbsp;ora&ccedil;&atilde;o e de reflex&atilde;o.<\/span><\/p>\n<p style=\"text-align: justify;\"><span style=\"font-size: small;\">&nbsp;<\/span><\/p>\n<p style=\"text-align: justify;\"><span style=\"font-size: small;\">Irm&atilde; Ines organizou com muito carinho a via sacra, destacando alguns momentos. Professores e funcion&aacute;rios atuaram, a fim de representar a Santa Ceia e o momento em que Maria vai at&eacute; o t&uacute;mulo e n&atilde;o encontra Jesus, mas sim um anjo que anuncia que Ele ressuscitou.<\/span><\/p>\n<p style=\"text-align: justify;\"><span style=\"font-size: small;\">&nbsp;<\/span><\/p>\n<p style=\"text-align: justify;\"><span style=\"font-size: small;\">Na quadra de esportes, deu-se in&iacute;cio a Celebra&ccedil;&atilde;o. Jesus chegou com seus Ap&oacute;stolos e e os enviou para a casa de um certo homem para prepararem a sua &uacute;ltima refei&ccedil;&atilde;o. Ent&atilde;o, foram para o p&aacute;tio superior onde encenaram a Santa Ceia. Jesus partiu o p&atilde;o. Ap&oacute;s, deu o vinho. E, por fim, lavou os p&eacute;s dos Ap&oacute;stolos. Para marcar a subida ao Monte das Oliveiras, todos se encaminharam silenciosamente at&eacute; o Sal&atilde;o de Atos, onde cada esta&ccedil;&atilde;o mostrava uma cena da via sacra, at&eacute; chegar ao Jesus ressuscitado.<\/span><\/p>\n<p style=\"text-align: justify;\"><span style=\"font-size: small;\">No palco do Sal&atilde;o de Atos, uma linda gruta foi montada para encenar o t&uacute;mulo de Jesus. Na entrada dela estavam dois soldados, que vigiavam quem se aproximasse. Logo Maria, M&atilde;e de Jesus, apareceu e tamb&eacute;m um anjo, que anunciou a ressurrei&ccedil;&atilde;o de Jesus.<\/span><\/p>\n<p style=\"text-align: justify;\"><span style=\"font-size: small;\">Ao final, todos entoaram o canto da ressurrei&ccedil;&atilde;o de Jesus. A diretora, Irm&atilde; Lourdes, deixou uma mensagem de P&aacute;scoa.&nbsp;<\/span><\/p>\n","protected":false},"excerpt":{"rendered":"<p>P&aacute;scoa &eacute; um momento para enxergar quem precisa de ajuda, &eacute; praticar a ressurrei&ccedil;&atilde;o, n&atilde;o s&oacute; na pr&oacute;pria vida, como levar esta ressurrei&ccedil;&atilde;o &agrave; vida de quem precisa Que nesta P&aacute;scoa nossa f&eacute; seja revigorada pela certeza de que Cristo ressuscitou e est&aacute; entre n&oacute;s. EMOCIONANTE. Esta palavra define o que foi a Celebra&ccedil;&atilde;o de [&hellip;]<\/p>\n","protected":false},"author":1,"featured_media":1815,"comment_status":"open","ping_status":"open","sticky":false,"template":"","format":"standard","meta":[],"categories":[6],"tags":[],"_links":{"self":[{"href":"https:\/\/www.redesalvatoriana.org.br\/bomconselho\/blog\/wp-json\/wp\/v2\/posts\/1809"}],"collection":[{"href":"https:\/\/www.redesalvatoriana.org.br\/bomconselho\/blog\/wp-json\/wp\/v2\/posts"}],"about":[{"href":"https:\/\/www.redesalvatoriana.org.br\/bomconselho\/blog\/wp-json\/wp\/v2\/types\/post"}],"author":[{"embeddable":true,"href":"https:\/\/www.redesalvatoriana.org.br\/bomconselho\/blog\/wp-json\/wp\/v2\/users\/1"}],"replies":[{"embeddable":true,"href":"https:\/\/www.redesalvatoriana.org.br\/bomconselho\/blog\/wp-json\/wp\/v2\/comments?post=1809"}],"version-history":[{"count":0,"href":"https:\/\/www.redesalvatoriana.org.br\/bomconselho\/blog\/wp-json\/wp\/v2\/posts\/1809\/revisions"}],"wp:featuredmedia":[{"embeddable":true,"href":"https:\/\/www.redesalvatoriana.org.br\/bomconselho\/blog\/wp-json\/wp\/v2\/media\/1815"}],"wp:attachment":[{"href":"https:\/\/www.redesalvatoriana.org.br\/bomconselho\/blog\/wp-json\/wp\/v2\/media?parent=1809"}],"wp:term":[{"taxonomy":"category","embeddable":true,"href":"https:\/\/www.redesalvatoriana.org.br\/bomconselho\/blog\/wp-json\/wp\/v2\/categories?post=1809"},{"taxonomy":"post_tag","embeddable":true,"href":"https:\/\/www.redesalvatoriana.org.br\/bomconselho\/blog\/wp-json\/wp\/v2\/tags?post=1809"}],"curies":[{"name":"wp","href":"https:\/\/api.w.org\/{rel}","templated":true}]}}